{"id":9729,"date":"2024-07-18T11:37:00","date_gmt":"2024-07-18T08:37:00","guid":{"rendered":"https:\/\/ekva.ee\/uncategorized\/eesti-voistkond-eesti-soome-maavoistlusel\/"},"modified":"2024-07-18T11:37:00","modified_gmt":"2024-07-18T08:37:00","slug":"eesti-voistkond-eesti-soome-maavoistlusel","status":"publish","type":"post","link":"https:\/\/ekva.ee\/en\/announcements\/eesti-voistkond-eesti-soome-maavoistlusel\/","title":{"rendered":"Eesti v\u00f5istkond Eesti-Soome maav\u00f5istlusel"},"content":{"rendered":"\n<h2 class=\"wp-block-heading wp-el\">Kuulit\u00f5uge<\/h2>\n\n\n\n<div class=\"wp-block-columns is-layout-flex wp-container-core-columns-is-layout-28f84493 wp-block-columns-is-layout-flex\">\n<div class=\"wp-block-column is-layout-flow wp-block-column-is-layout-flow\">\n<figure class=\"wp-block-table\"><table class=\"has-fixed-layout\"><thead><tr><th>MEHED<\/th><th><\/th><\/tr><\/thead><tbody><tr><td>Vali Fred<\/td><td>05.12.1976<\/td><\/tr><tr><td>Nurm Arvo<\/td><td>22.09.1948<\/td><\/tr><tr><td>Hiiem\u00e4e Jaanus<\/td><td>24.06.1974<\/td><\/tr><tr><td>M\u00e4rtson Mati<\/td><td>17.08.1958<\/td><\/tr><tr><td>P\u00e4rn Henn<\/td><td>04.04.1941<\/td><\/tr><\/tbody><\/table><\/figure>\n<\/div>\n\n\n\n<div class=\"wp-block-column is-layout-flow wp-block-column-is-layout-flow\">\n<figure class=\"wp-block-table\"><table class=\"has-fixed-layout\"><thead><tr><th>NAISED<\/th><th><\/th><\/tr><\/thead><tbody><tr><td>Vahter Lea<\/td><td>07.07.1961<\/td><\/tr><tr><td>K\u00fclv Mare<\/td><td>15.05.1957<\/td><\/tr><tr><td>Piir Mari<\/td><td>01.08.1969<\/td><\/tr><tr><td>Allika Meeta<\/td><td>22.06.1955<\/td><\/tr><tr><td>Abel Alevtina<\/td><td>31.05.1951<\/td><\/tr><\/tbody><\/table><\/figure>\n<\/div>\n<\/div>\n\n\n\n<h2 class=\"wp-block-heading wp-el\">Odavise<\/h2>\n\n\n\n<div class=\"wp-block-columns is-layout-flex wp-container-core-columns-is-layout-28f84493 wp-block-columns-is-layout-flex\">\n<div class=\"wp-block-column is-layout-flow wp-block-column-is-layout-flow\">\n<figure class=\"wp-block-table\"><table class=\"has-fixed-layout\"><thead><tr><th>MEHED<\/th><th><\/th><\/tr><\/thead><tbody><tr><td>P\u00f5der Ahti<\/td><td>29.08.1976<\/td><\/tr><tr><td>Lensment Arvi<\/td><td>01.07.1958<\/td><\/tr><tr><td>Saar Artur<\/td><td>13.06.1964<\/td><\/tr><tr><td>Erki Kesk\u00fcla<\/td><td>10.03.1969<\/td><\/tr><tr><td>Lain Airos<\/td><td>15.06.1983<\/td><\/tr><\/tbody><\/table><\/figure>\n<\/div>\n\n\n\n<div class=\"wp-block-column is-layout-flow wp-block-column-is-layout-flow\">\n<figure class=\"wp-block-table\"><table class=\"has-fixed-layout\"><thead><tr><th>NAISED<\/th><th><\/th><\/tr><\/thead><tbody><tr><td>Vahtre Marje<\/td><td>18.05.1967<\/td><\/tr><tr><td>Kullerkupp Reet<\/td><td>18.08.1976<\/td><\/tr><tr><td>Teska Merike<\/td><td>20.07.1981<\/td><\/tr><tr><td>Ojala Janne<\/td><td>18.01.1981<\/td><\/tr><tr><td>Abel Alevtina<\/td><td>31.05.1951<\/td><\/tr><\/tbody><\/table><\/figure>\n<\/div>\n<\/div>\n\n\n\n<h2 class=\"wp-block-heading wp-el\">Vasaraheide<\/h2>\n\n\n\n<div class=\"wp-block-columns is-layout-flex wp-container-core-columns-is-layout-28f84493 wp-block-columns-is-layout-flex\">\n<div class=\"wp-block-column is-layout-flow wp-block-column-is-layout-flow\">\n<figure class=\"wp-block-table\"><table class=\"has-fixed-layout\"><thead><tr><th>MEHED<\/th><th><\/th><\/tr><\/thead><tbody><tr><td>Merila Martti<\/td><td>10.01.1976<\/td><\/tr><tr><td>Kaljuvee Olle-Marek<\/td><td>24.04.1978<\/td><\/tr><tr><td>Nurm Arvo<\/td><td>22.09.1948<\/td><\/tr><tr><td>Vill Veiko<\/td><td>10.03.1970<\/td><\/tr><tr><td>Teras Indrek<\/td><td>09.09.1985<\/td><\/tr><\/tbody><\/table><\/figure>\n<\/div>\n\n\n\n<div class=\"wp-block-column is-layout-flow wp-block-column-is-layout-flow\">\n<figure class=\"wp-block-table\"><table class=\"has-fixed-layout\"><thead><tr><th>NAISED<\/th><th><\/th><\/tr><\/thead><tbody><tr><td>K\u00fclv Mare<\/td><td>15.05.1957<\/td><\/tr><tr><td>Ojala Janne<\/td><td>18.01.1981<\/td><\/tr><tr><td>Sepp Lilian<\/td><td>19.12.1967<\/td><\/tr><tr><td>Vahter Lea<\/td><td>07.07.1961<\/td><\/tr><tr><td>Siimum\u00e4e Heidi<\/td><td>22.05.1970<\/td><\/tr><\/tbody><\/table><\/figure>\n<\/div>\n<\/div>\n\n\n\n<h2 class=\"wp-block-heading wp-el\">Kettaheide<\/h2>\n\n\n\n<div class=\"wp-block-columns is-layout-flex wp-container-core-columns-is-layout-28f84493 wp-block-columns-is-layout-flex\">\n<div class=\"wp-block-column is-layout-flow wp-block-column-is-layout-flow\">\n<figure class=\"wp-block-table\"><table class=\"has-fixed-layout\"><thead><tr><th>MEHED<\/th><th><\/th><\/tr><\/thead><tbody><tr><td>Vali Fred<\/td><td>05.12.1976<\/td><\/tr><tr><td>Nurm Arvo<\/td><td>22.09.1948<\/td><\/tr><tr><td>N\u00f5mm Erni<\/td><td>10.06.1941<\/td><\/tr><tr><td>P\u00e4rn Henn<\/td><td>04.04.1941<\/td><\/tr><tr><td>Vill Veiko<\/td><td>10.03.1970<\/td><\/tr><\/tbody><\/table><\/figure>\n<\/div>\n\n\n\n<div class=\"wp-block-column is-layout-flow wp-block-column-is-layout-flow\">\n<figure class=\"wp-block-table\"><table class=\"has-fixed-layout\"><thead><tr><th>NAISED<\/th><th><\/th><\/tr><\/thead><tbody><tr><td>K\u00fclv Mare<\/td><td>15.05.1957<\/td><\/tr><tr><td>Vahter Lea<\/td><td>07.07.1961<\/td><\/tr><tr><td>Krutob Tiia<\/td><td>23.11.1941<\/td><\/tr><tr><td>Ojala Janne<\/td><td>18.01.1981<\/td><\/tr><tr><td>Abel Alevtina<\/td><td>31.05.1951<\/td><\/tr><\/tbody><\/table><\/figure>\n<\/div>\n<\/div>\n\n\n\n<h2 class=\"wp-block-heading wp-el\">Raskusheide<\/h2>\n\n\n\n<div class=\"wp-block-columns is-layout-flex wp-container-core-columns-is-layout-28f84493 wp-block-columns-is-layout-flex\">\n<div class=\"wp-block-column is-layout-flow wp-block-column-is-layout-flow\">\n<figure class=\"wp-block-table\"><table class=\"has-fixed-layout\"><thead><tr><th>MEHED<\/th><th><\/th><\/tr><\/thead><tbody><tr><td>Nurm Arvo<\/td><td>22.09.1948<\/td><\/tr><tr><td>Vill Veiko<\/td><td>10.03.1970<\/td><\/tr><tr><td>Vali Fred<\/td><td>05.12.1976<\/td><\/tr><tr><td>P\u00e4rn Henn<\/td><td>04.04.1941<\/td><\/tr><tr><td>Teras Indrek<\/td><td>09.09.1985<\/td><\/tr><\/tbody><\/table><\/figure>\n<\/div>\n\n\n\n<div class=\"wp-block-column is-layout-flow wp-block-column-is-layout-flow\">\n<figure class=\"wp-block-table\"><table class=\"has-fixed-layout\"><thead><tr><th>NAISED<\/th><th><\/th><\/tr><\/thead><tbody><tr><td>K\u00fclv Mare<\/td><td>15.05.1957<\/td><\/tr><tr><td>Krutob Tiia<\/td><td>23.11.1941<\/td><\/tr><tr><td>Vahter Lea<\/td><td>07.07.1961<\/td><\/tr><tr><td>Ojala Janne<\/td><td>18.01.1981<\/td><\/tr><tr><td>Siimum\u00e4e Heidi<\/td><td>18.01.1981<\/td><\/tr><\/tbody><\/table><\/figure>\n<\/div>\n<\/div>\n\n\n\n<p class=\"wp-el\"><\/p>\n","protected":false},"excerpt":{"rendered":"<p>Kuulit\u00f5uge MEHED Vali Fred 05.12.1976 Nurm Arvo 22.09.1948 Hiiem\u00e4e Jaanus 24.06.1974 M\u00e4rtson Mati 17.08.1958 P\u00e4rn Henn 04.04.1941 NAISED Vahter Lea&#8230;<\/p>\n","protected":false},"author":1,"featured_media":2253,"comment_status":"closed","ping_status":"closed","sticky":false,"template":"","format":"standard","meta":{"_acf_changed":false,"footnotes":""},"categories":[112],"class_list":["post-9729","post","type-post","status-publish","format-standard","has-post-thumbnail","hentry","category-announcements"],"acf":[],"_links":{"self":[{"href":"https:\/\/ekva.ee\/en\/wp-json\/wp\/v2\/posts\/9729","targetHints":{"allow":["GET"]}}],"collection":[{"href":"https:\/\/ekva.ee\/en\/wp-json\/wp\/v2\/posts"}],"about":[{"href":"https:\/\/ekva.ee\/en\/wp-json\/wp\/v2\/types\/post"}],"author":[{"embeddable":true,"href":"https:\/\/ekva.ee\/en\/wp-json\/wp\/v2\/users\/1"}],"replies":[{"embeddable":true,"href":"https:\/\/ekva.ee\/en\/wp-json\/wp\/v2\/comments?post=9729"}],"version-history":[{"count":0,"href":"https:\/\/ekva.ee\/en\/wp-json\/wp\/v2\/posts\/9729\/revisions"}],"wp:featuredmedia":[{"embeddable":true,"href":"https:\/\/ekva.ee\/en\/wp-json\/wp\/v2\/media\/2253"}],"wp:attachment":[{"href":"https:\/\/ekva.ee\/en\/wp-json\/wp\/v2\/media?parent=9729"}],"wp:term":[{"taxonomy":"category","embeddable":true,"href":"https:\/\/ekva.ee\/en\/wp-json\/wp\/v2\/categories?post=9729"}],"curies":[{"name":"wp","href":"https:\/\/api.w.org\/{rel}","templated":true}]}}