{"id":9735,"date":"2024-03-18T11:27:00","date_gmt":"2024-03-18T09:27:00","guid":{"rendered":"https:\/\/ekva.ee\/uncategorized\/medaleid-euroopa-sisemeistrivoistlustelt\/"},"modified":"2024-03-18T11:27:00","modified_gmt":"2024-03-18T09:27:00","slug":"medaleid-euroopa-sisemeistrivoistlustelt","status":"publish","type":"post","link":"https:\/\/ekva.ee\/en\/announcements\/medaleid-euroopa-sisemeistrivoistlustelt\/","title":{"rendered":"Medaleid Euroopa sisemeistriv\u00f5istlustelt"},"content":{"rendered":"\n<figure class=\"wp-block-table\"><table class=\"has-fixed-layout\"><thead><tr><th>KULDMEDAL<\/th><th><\/th><th><\/th><\/tr><\/thead><tbody><tr><td>M80<\/td><td>J\u00fcrgen Lamp<\/td><td>k\u00f5rgush\u00fcpe 1.23<\/td><\/tr><tr><td>M80<\/td><td>J\u00fcrgen Lamp<\/td><td>k\u00f5rgush\u00fcpe 3.68<\/td><\/tr><tr><td>M80<\/td><td>J\u00fcrgen Lamp<\/td><td>kolmikh\u00fcpe 8.39<\/td><\/tr><tr><td>N35<\/td><td>Kristi V\u00f5hmar<\/td><td>kolmikh\u00fcpe 11.90<\/td><\/tr><tr><td>M35<\/td><td>Indrek Teras<\/td><td>raskusheide 16.31<\/td><\/tr><\/tbody><\/table><\/figure>\n\n\n\n<figure class=\"wp-block-table\"><table class=\"has-fixed-layout\"><thead><tr><th>H\u00d5BEMEDAL<\/th><th><\/th><th><\/th><\/tr><\/thead><tbody><tr><td>N35<\/td><td>Kristi V\u00f5hmar<\/td><td>kaugush\u00fcpe 5.49<\/td><\/tr><tr><td>N75<\/td><td>Helgi Kuusk<\/td><td>6 km krossijooks<\/td><\/tr><tr><td>M40<\/td><td>Airos Lain<\/td><td>odavise 52.65<\/td><\/tr><tr><td>M79<\/td><td>Ivar Raig<\/td><td>viiev\u00f5istlus 3441 punkti<\/td><\/tr><tr><td>N45<\/td><td>Klaarika Eksi<\/td><td>viiev\u00f5istlus 3347 punkti<\/td><\/tr><tr><td>M80<\/td><td>Mati Tiidre<\/td><td>teivash\u00fcpe 2.00<\/td><\/tr><tr><td>M45<\/td><td>Aleksandr Kuleshov<\/td><td>maraton 2:34.24<\/td><\/tr><\/tbody><\/table><\/figure>\n\n\n\n<figure class=\"wp-block-table\"><table class=\"has-fixed-layout\"><thead><tr><th>PRONKSMEDAL<\/th><th><\/th><th><\/th><\/tr><\/thead><tbody><tr><td>M35<\/td><td>Indrek Teras<\/td><td>vasaraheide 50.77<\/td><\/tr><tr><td>M55<\/td><td>Margus Kirt<\/td><td>3000 m 9:23,79<\/td><\/tr><tr><td>N75<\/td><td>Helgi Kuusk<\/td><td>400 m 2:12,19<\/td><\/tr><tr><td>M55<\/td><td>Margus Kirt<\/td><td>1500 m 4:24,01<\/td><\/tr><tr><td>M45<\/td><td>Al. Kuleshov, Valeri K\u00e4\u00e4pa, Jaan Oblikas<\/td><td>maratonijooks meeskonnav\u00f5istlus<\/td><\/tr><\/tbody><\/table><\/figure>\n\n\n\n<p class=\"wp-el\">\u00d5nnitleme medaliv\u00f5itjaid!<\/p>\n","protected":false},"excerpt":{"rendered":"<p>KULDMEDAL M80 J\u00fcrgen Lamp k\u00f5rgush\u00fcpe 1.23 M80 J\u00fcrgen Lamp k\u00f5rgush\u00fcpe 3.68 M80 J\u00fcrgen Lamp kolmikh\u00fcpe 8.39 N35 Kristi V\u00f5hmar kolmikh\u00fcpe&#8230;<\/p>\n","protected":false},"author":1,"featured_media":2269,"comment_status":"closed","ping_status":"closed","sticky":false,"template":"","format":"standard","meta":{"_acf_changed":false,"footnotes":""},"categories":[112],"class_list":["post-9735","post","type-post","status-publish","format-standard","has-post-thumbnail","hentry","category-announcements"],"acf":[],"_links":{"self":[{"href":"https:\/\/ekva.ee\/en\/wp-json\/wp\/v2\/posts\/9735","targetHints":{"allow":["GET"]}}],"collection":[{"href":"https:\/\/ekva.ee\/en\/wp-json\/wp\/v2\/posts"}],"about":[{"href":"https:\/\/ekva.ee\/en\/wp-json\/wp\/v2\/types\/post"}],"author":[{"embeddable":true,"href":"https:\/\/ekva.ee\/en\/wp-json\/wp\/v2\/users\/1"}],"replies":[{"embeddable":true,"href":"https:\/\/ekva.ee\/en\/wp-json\/wp\/v2\/comments?post=9735"}],"version-history":[{"count":0,"href":"https:\/\/ekva.ee\/en\/wp-json\/wp\/v2\/posts\/9735\/revisions"}],"wp:featuredmedia":[{"embeddable":true,"href":"https:\/\/ekva.ee\/en\/wp-json\/wp\/v2\/media\/2269"}],"wp:attachment":[{"href":"https:\/\/ekva.ee\/en\/wp-json\/wp\/v2\/media?parent=9735"}],"wp:term":[{"taxonomy":"category","embeddable":true,"href":"https:\/\/ekva.ee\/en\/wp-json\/wp\/v2\/categories?post=9735"}],"curies":[{"name":"wp","href":"https:\/\/api.w.org\/{rel}","templated":true}]}}